{"id":13261,"date":"2024-07-02T12:59:12","date_gmt":"2024-07-02T11:59:12","guid":{"rendered":"https:\/\/izarracentre.com\/?p=13261"},"modified":"2024-10-11T08:10:53","modified_gmt":"2024-10-11T07:10:53","slug":"enpresa-berdea-programaren-aurkezpen-jardunaldia","status":"publish","type":"post","link":"https:\/\/izarracentre.com\/eu\/enpresa-berdea-programaren-aurkezpen-jardunaldia\/","title":{"rendered":"Enpresa Berdea Programaren Aurkezpen Jardunaldia"},"content":{"rendered":"\n<p>Enpresa Berdea Programa ezagutzera gonbidatzen zaitugu, Bizkaian industria-sarean eta lotutako zerbitzu-sarean trantsizio ekologikoa bultzatzeko diseinatutako ekimena. Programa honen helburua da enpresen hazkunde ekonomikoa ikuspegi ekologiko integratzailearekin lerrokatzea, etorkizun iraunkorrago bati laguntzeko.<\/p>\n\n\n\n<p>\ud83d\udcc5 <strong>Data:<\/strong> uztailaren 12an<br>\ud83d\udd52 <strong>Ordua:<\/strong> 9:15 &#8211; 11:00<br>\ud83d\udccd <strong>Lekua:<\/strong> Online<\/p>\n\n\n\n<p><strong>Zergatik parte hartu?<\/strong><\/p>\n\n\n\n<ul class=\"wp-block-list\">\n<li><strong>Jakin ezazu Enpresa Berdea programak nola eralda dezakeen zure enpresa.<\/strong><\/li>\n\n\n\n<li><strong>Ezagutu Europako Itun Berdearen inplikazioak eta zure sektorean duen eragina.<\/strong><\/li>\n\n\n\n<li><strong>Aztertu irtenbide praktikoak eta aplikagarriak gure prestakuntza-tailerren bidez.<\/strong><\/li>\n\n\n\n<li><strong>Aprobetxatu laguntza-zerbitzuak eta BONO BERDEAren onurak.<\/strong><\/li>\n<\/ul>\n\n\n\n<ul class=\"wp-block-list\">\n<li>9:15- 9:20 <strong>Ongietorria eta Programaren aurkezpena <\/strong>&#8211;  BIZKAIAKO AGENTZIA<\/li>\n\n\n\n<li>9:20 &#8211; 09:45 <strong>Enpresa Industrialentzako Europako Itun Berdearen inplikazioak<\/strong> &#8211; ACLIMA<\/li>\n\n\n\n<li>09:45 &#8211; 10:15 <strong>Prestakuntza Tailerren aurkezpena <\/strong>&#8211; MARGUBE<\/li>\n\n\n\n<li>10:15 &#8211; 10:40 <strong>BONO BERDEA Programaren Laguntza Zerbitzuen aurkezpena<\/strong>\n<ul class=\"wp-block-list\">\n<li>Bono Berdea 1:<strong> Estrategia Trantsizio Ekologikora egokitzea <\/strong>&#8211; MARGUBE<\/li>\n\n\n\n<li>Bono Berdea 2: <strong>Energia Eraginkortasunaren Hazkundea<\/strong> &#8211; GLOBAL FACTOR<\/li>\n\n\n\n<li>Bono Berdea 3: <strong>Ingurumen Aztarna Murriztea <\/strong>&#8211; GLOBAL FACTOR<\/li>\n\n\n\n<li>Bono Berdea 4:<strong> Ingurumen Araudira egokitzea<\/strong> &#8211; INGURU<\/li>\n\n\n\n<li>Bono Berdea 5 : <strong>Hondakinen kudeaketa eta minimizazioa<\/strong> &#8211; INGURU<\/li>\n<\/ul>\n<\/li>\n\n\n\n<li>10:40-10:45 <strong>Jardunaldiaren amaiera <\/strong>&#8211; BIZKAIAKO AGENTZIA<\/li>\n<\/ul>\n\n\n\n<p>Esta jornada es una oportunidad excepcional para comprender c\u00f3mo tu empresa puede liderar la transici\u00f3n ecol\u00f3gica, mejorar su eficiencia y cumplir con las normativas ambientales. \u00a1No te lo pierdas!<\/p>\n\n\n\n<div id=\"wp-block-themeisle-blocks-button-group-478b7578\" class=\"wp-block-themeisle-blocks-button-group wp-block-buttons align-center-desktop\">\n<div id=\"wp-block-themeisle-blocks-button-632a63b2\" class=\"wp-block-themeisle-blocks-button wp-block-button\"><a href=\"https:\/\/docs.google.com\/forms\/d\/e\/1FAIpQLSfk8BJVV3njYX8hAxNjzG57U9Zzb2ndBf3I33Tu1LKWhF5Yxg\/viewform\" target=\"_self\" rel=\"noopener noreferrer\" class=\"wp-block-button__link\"><span>Inskripzioak<\/span><\/a><\/div>\n<\/div>\n\n\n\n<figure class=\"wp-block-image size-large\"><img loading=\"lazy\" decoding=\"async\" width=\"1024\" height=\"249\" src=\"https:\/\/izarracentre.com\/wp-content\/uploads\/2024\/07\/Captura-de-pantalla-2024-07-02-092615-1024x249.png\" alt=\"\" class=\"wp-image-13243\" srcset=\"https:\/\/izarracentre.com\/wp-content\/uploads\/2024\/07\/Captura-de-pantalla-2024-07-02-092615-1024x249.png 1024w, https:\/\/izarracentre.com\/wp-content\/uploads\/2024\/07\/Captura-de-pantalla-2024-07-02-092615-300x73.png 300w, https:\/\/izarracentre.com\/wp-content\/uploads\/2024\/07\/Captura-de-pantalla-2024-07-02-092615-768x187.png 768w, https:\/\/izarracentre.com\/wp-content\/uploads\/2024\/07\/Captura-de-pantalla-2024-07-02-092615.png 1210w\" sizes=\"auto, (max-width: 1024px) 100vw, 1024px\" \/><\/figure>\n","protected":false},"excerpt":{"rendered":"<p>Enpresa Berdea Programa ezagutzera gonbidatzen zaitugu, Bizkaian industria-sarean eta lotutako zerbitzu-sarean trantsizio ekologikoa bultzatzeko diseinatutako ekimena. Programa honen helburua da enpresen hazkunde ekonomikoa ikuspegi ekologiko integratzailearekin lerrokatzea, etorkizun iraunkorrago bati laguntzeko. \ud83d\udcc5 Data: uztailaren 12an\ud83d\udd52 Ordua: 9:15 &#8211; 11:00\ud83d\udccd Lekua: Online Zergatik parte hartu? Esta jornada es una oportunidad excepcional para comprender c\u00f3mo tu empresa [&hellip;]<\/p>\n","protected":false},"author":3,"featured_media":13252,"comment_status":"closed","ping_status":"closed","sticky":false,"template":"","format":"standard","meta":{"_acf_changed":false,"inline_featured_image":false,"_themeisle_gutenberg_block_has_review":false,"footnotes":""},"categories":[47,49,207,203,48],"tags":[],"class_list":["post-13261","post","type-post","status-publish","format-standard","has-post-thumbnail","hentry","category-berriak","category-ekitaldiak","category-enpresa-berdea-programak","category-programak","category-proiektuak"],"acf":[],"yoast_head":"<!-- This site is optimized with the Yoast SEO plugin v27.5 - https:\/\/yoast.com\/product\/yoast-seo-wordpress\/ -->\n<title>Enpresa Berdea Programaren Aurkezpen Jardunaldia - Izarra Centre<\/title>\n<meta name=\"description\" content=\"Enpresa Berdea Programa ezagutzera gonbidatzen zaitugu, Bizkaian industria-sarean eta lotutako zerbitzu-sarean trantsizio ekologikoa bultzatzeko diseinatutako ekimena.\" \/>\n<meta name=\"robots\" content=\"index, follow, max-snippet:-1, max-image-preview:large, max-video-preview:-1\" \/>\n<link rel=\"canonical\" href=\"https:\/\/izarracentre.com\/eu\/enpresa-berdea-programaren-aurkezpen-jardunaldia\/\" \/>\n<meta property=\"og:locale\" content=\"eu_ES\" \/>\n<meta property=\"og:type\" content=\"article\" \/>\n<meta property=\"og:title\" content=\"Enpresa Berdea Programaren Aurkezpen Jardunaldia - Izarra Centre\" \/>\n<meta property=\"og:description\" content=\"Enpresa Berdea Programa ezagutzera gonbidatzen zaitugu, Bizkaian industria-sarean eta lotutako zerbitzu-sarean trantsizio ekologikoa bultzatzeko diseinatutako ekimena.\" \/>\n<meta property=\"og:url\" content=\"https:\/\/izarracentre.com\/eu\/enpresa-berdea-programaren-aurkezpen-jardunaldia\/\" \/>\n<meta property=\"og:site_name\" content=\"Izarra Centre\" \/>\n<meta property=\"article:published_time\" content=\"2024-07-02T11:59:12+00:00\" \/>\n<meta property=\"article:modified_time\" content=\"2024-10-11T07:10:53+00:00\" \/>\n<meta property=\"og:image\" content=\"https:\/\/izarracentre.com\/wp-content\/uploads\/2024\/07\/1.png\" \/>\n\t<meta property=\"og:image:width\" content=\"1080\" \/>\n\t<meta property=\"og:image:height\" content=\"1080\" \/>\n\t<meta property=\"og:image:type\" content=\"image\/png\" \/>\n<meta name=\"author\" content=\"Izarra\" \/>\n<meta name=\"twitter:card\" content=\"summary_large_image\" \/>\n<meta name=\"twitter:creator\" content=\"@izarracentre\" \/>\n<meta name=\"twitter:site\" content=\"@izarracentre\" \/>\n<meta name=\"twitter:label1\" content=\"Written by\" \/>\n\t<meta name=\"twitter:data1\" content=\"Izarra\" \/>\n\t<meta name=\"twitter:label2\" content=\"Est. reading time\" \/>\n\t<meta name=\"twitter:data2\" content=\"2 minutes\" \/>\n<script type=\"application\/ld+json\" class=\"yoast-schema-graph\">{\"@context\":\"https:\\\/\\\/schema.org\",\"@graph\":[{\"@type\":\"Article\",\"@id\":\"https:\\\/\\\/izarracentre.com\\\/eu\\\/enpresa-berdea-programaren-aurkezpen-jardunaldia\\\/#article\",\"isPartOf\":{\"@id\":\"https:\\\/\\\/izarracentre.com\\\/eu\\\/enpresa-berdea-programaren-aurkezpen-jardunaldia\\\/\"},\"author\":{\"name\":\"Izarra\",\"@id\":\"https:\\\/\\\/izarracentre.com\\\/#\\\/schema\\\/person\\\/0170e14c45bd4bf5843fd00b16756717\"},\"headline\":\"Enpresa Berdea Programaren Aurkezpen Jardunaldia\",\"datePublished\":\"2024-07-02T11:59:12+00:00\",\"dateModified\":\"2024-10-11T07:10:53+00:00\",\"mainEntityOfPage\":{\"@id\":\"https:\\\/\\\/izarracentre.com\\\/eu\\\/enpresa-berdea-programaren-aurkezpen-jardunaldia\\\/\"},\"wordCount\":188,\"publisher\":{\"@id\":\"https:\\\/\\\/izarracentre.com\\\/#organization\"},\"image\":{\"@id\":\"https:\\\/\\\/izarracentre.com\\\/eu\\\/enpresa-berdea-programaren-aurkezpen-jardunaldia\\\/#primaryimage\"},\"thumbnailUrl\":\"https:\\\/\\\/izarracentre.com\\\/wp-content\\\/uploads\\\/2024\\\/07\\\/1.png\",\"articleSection\":[\"Berriak\",\"Ekitaldiak\",\"Enpresa Berdea\",\"Programak\",\"Proiektuak\"],\"inLanguage\":\"eu-ES\"},{\"@type\":\"WebPage\",\"@id\":\"https:\\\/\\\/izarracentre.com\\\/eu\\\/enpresa-berdea-programaren-aurkezpen-jardunaldia\\\/\",\"url\":\"https:\\\/\\\/izarracentre.com\\\/eu\\\/enpresa-berdea-programaren-aurkezpen-jardunaldia\\\/\",\"name\":\"Enpresa Berdea Programaren Aurkezpen Jardunaldia - Izarra Centre\",\"isPartOf\":{\"@id\":\"https:\\\/\\\/izarracentre.com\\\/#website\"},\"primaryImageOfPage\":{\"@id\":\"https:\\\/\\\/izarracentre.com\\\/eu\\\/enpresa-berdea-programaren-aurkezpen-jardunaldia\\\/#primaryimage\"},\"image\":{\"@id\":\"https:\\\/\\\/izarracentre.com\\\/eu\\\/enpresa-berdea-programaren-aurkezpen-jardunaldia\\\/#primaryimage\"},\"thumbnailUrl\":\"https:\\\/\\\/izarracentre.com\\\/wp-content\\\/uploads\\\/2024\\\/07\\\/1.png\",\"datePublished\":\"2024-07-02T11:59:12+00:00\",\"dateModified\":\"2024-10-11T07:10:53+00:00\",\"description\":\"Enpresa Berdea Programa ezagutzera gonbidatzen zaitugu, Bizkaian industria-sarean eta lotutako zerbitzu-sarean trantsizio ekologikoa bultzatzeko diseinatutako ekimena.\",\"breadcrumb\":{\"@id\":\"https:\\\/\\\/izarracentre.com\\\/eu\\\/enpresa-berdea-programaren-aurkezpen-jardunaldia\\\/#breadcrumb\"},\"inLanguage\":\"eu-ES\",\"potentialAction\":[{\"@type\":\"ReadAction\",\"target\":[\"https:\\\/\\\/izarracentre.com\\\/eu\\\/enpresa-berdea-programaren-aurkezpen-jardunaldia\\\/\"]}]},{\"@type\":\"ImageObject\",\"inLanguage\":\"eu-ES\",\"@id\":\"https:\\\/\\\/izarracentre.com\\\/eu\\\/enpresa-berdea-programaren-aurkezpen-jardunaldia\\\/#primaryimage\",\"url\":\"https:\\\/\\\/izarracentre.com\\\/wp-content\\\/uploads\\\/2024\\\/07\\\/1.png\",\"contentUrl\":\"https:\\\/\\\/izarracentre.com\\\/wp-content\\\/uploads\\\/2024\\\/07\\\/1.png\",\"width\":1080,\"height\":1080},{\"@type\":\"BreadcrumbList\",\"@id\":\"https:\\\/\\\/izarracentre.com\\\/eu\\\/enpresa-berdea-programaren-aurkezpen-jardunaldia\\\/#breadcrumb\",\"itemListElement\":[{\"@type\":\"ListItem\",\"position\":1,\"name\":\"Portada\",\"item\":\"https:\\\/\\\/izarracentre.com\\\/eu\\\/\"},{\"@type\":\"ListItem\",\"position\":2,\"name\":\"Enpresa Berdea Programaren Aurkezpen Jardunaldia\"}]},{\"@type\":\"WebSite\",\"@id\":\"https:\\\/\\\/izarracentre.com\\\/#website\",\"url\":\"https:\\\/\\\/izarracentre.com\\\/\",\"name\":\"Izarra Centre\",\"description\":\"\",\"publisher\":{\"@id\":\"https:\\\/\\\/izarracentre.com\\\/#organization\"},\"potentialAction\":[{\"@type\":\"SearchAction\",\"target\":{\"@type\":\"EntryPoint\",\"urlTemplate\":\"https:\\\/\\\/izarracentre.com\\\/?s={search_term_string}\"},\"query-input\":{\"@type\":\"PropertyValueSpecification\",\"valueRequired\":true,\"valueName\":\"search_term_string\"}}],\"inLanguage\":\"eu-ES\"},{\"@type\":\"Organization\",\"@id\":\"https:\\\/\\\/izarracentre.com\\\/#organization\",\"name\":\"Fundaci\u00f3n Izarra\",\"url\":\"https:\\\/\\\/izarracentre.com\\\/\",\"logo\":{\"@type\":\"ImageObject\",\"inLanguage\":\"eu-ES\",\"@id\":\"https:\\\/\\\/izarracentre.com\\\/#\\\/schema\\\/logo\\\/image\\\/\",\"url\":\"https:\\\/\\\/izarracentre.com\\\/wp-content\\\/uploads\\\/2021\\\/05\\\/logo.svg\",\"contentUrl\":\"https:\\\/\\\/izarracentre.com\\\/wp-content\\\/uploads\\\/2021\\\/05\\\/logo.svg\",\"width\":198,\"height\":63,\"caption\":\"Fundaci\u00f3n Izarra\"},\"image\":{\"@id\":\"https:\\\/\\\/izarracentre.com\\\/#\\\/schema\\\/logo\\\/image\\\/\"},\"sameAs\":[\"https:\\\/\\\/x.com\\\/izarracentre\",\"https:\\\/\\\/www.linkedin.com\\\/company\\\/izarra-centre\\\/\"]},{\"@type\":\"Person\",\"@id\":\"https:\\\/\\\/izarracentre.com\\\/#\\\/schema\\\/person\\\/0170e14c45bd4bf5843fd00b16756717\",\"name\":\"Izarra\",\"image\":{\"@type\":\"ImageObject\",\"inLanguage\":\"eu-ES\",\"@id\":\"https:\\\/\\\/secure.gravatar.com\\\/avatar\\\/d3fabff0d25ea199918e4fba768ee7c0c14bd00f25d3026985e283c246926da9?s=96&d=mm&r=g\",\"url\":\"https:\\\/\\\/secure.gravatar.com\\\/avatar\\\/d3fabff0d25ea199918e4fba768ee7c0c14bd00f25d3026985e283c246926da9?s=96&d=mm&r=g\",\"contentUrl\":\"https:\\\/\\\/secure.gravatar.com\\\/avatar\\\/d3fabff0d25ea199918e4fba768ee7c0c14bd00f25d3026985e283c246926da9?s=96&d=mm&r=g\",\"caption\":\"Izarra\"}}]}<\/script>\n<!-- \/ Yoast SEO plugin. -->","yoast_head_json":{"title":"Enpresa Berdea Programaren Aurkezpen Jardunaldia - Izarra Centre","description":"Enpresa Berdea Programa ezagutzera gonbidatzen zaitugu, Bizkaian industria-sarean eta lotutako zerbitzu-sarean trantsizio ekologikoa bultzatzeko diseinatutako ekimena.","robots":{"index":"index","follow":"follow","max-snippet":"max-snippet:-1","max-image-preview":"max-image-preview:large","max-video-preview":"max-video-preview:-1"},"canonical":"https:\/\/izarracentre.com\/eu\/enpresa-berdea-programaren-aurkezpen-jardunaldia\/","og_locale":"eu_ES","og_type":"article","og_title":"Enpresa Berdea Programaren Aurkezpen Jardunaldia - Izarra Centre","og_description":"Enpresa Berdea Programa ezagutzera gonbidatzen zaitugu, Bizkaian industria-sarean eta lotutako zerbitzu-sarean trantsizio ekologikoa bultzatzeko diseinatutako ekimena.","og_url":"https:\/\/izarracentre.com\/eu\/enpresa-berdea-programaren-aurkezpen-jardunaldia\/","og_site_name":"Izarra Centre","article_published_time":"2024-07-02T11:59:12+00:00","article_modified_time":"2024-10-11T07:10:53+00:00","og_image":[{"width":1080,"height":1080,"url":"https:\/\/izarracentre.com\/wp-content\/uploads\/2024\/07\/1.png","type":"image\/png"}],"author":"Izarra","twitter_card":"summary_large_image","twitter_creator":"@izarracentre","twitter_site":"@izarracentre","twitter_misc":{"Written by":"Izarra","Est. reading time":"2 minutes"},"schema":{"@context":"https:\/\/schema.org","@graph":[{"@type":"Article","@id":"https:\/\/izarracentre.com\/eu\/enpresa-berdea-programaren-aurkezpen-jardunaldia\/#article","isPartOf":{"@id":"https:\/\/izarracentre.com\/eu\/enpresa-berdea-programaren-aurkezpen-jardunaldia\/"},"author":{"name":"Izarra","@id":"https:\/\/izarracentre.com\/#\/schema\/person\/0170e14c45bd4bf5843fd00b16756717"},"headline":"Enpresa Berdea Programaren Aurkezpen Jardunaldia","datePublished":"2024-07-02T11:59:12+00:00","dateModified":"2024-10-11T07:10:53+00:00","mainEntityOfPage":{"@id":"https:\/\/izarracentre.com\/eu\/enpresa-berdea-programaren-aurkezpen-jardunaldia\/"},"wordCount":188,"publisher":{"@id":"https:\/\/izarracentre.com\/#organization"},"image":{"@id":"https:\/\/izarracentre.com\/eu\/enpresa-berdea-programaren-aurkezpen-jardunaldia\/#primaryimage"},"thumbnailUrl":"https:\/\/izarracentre.com\/wp-content\/uploads\/2024\/07\/1.png","articleSection":["Berriak","Ekitaldiak","Enpresa Berdea","Programak","Proiektuak"],"inLanguage":"eu-ES"},{"@type":"WebPage","@id":"https:\/\/izarracentre.com\/eu\/enpresa-berdea-programaren-aurkezpen-jardunaldia\/","url":"https:\/\/izarracentre.com\/eu\/enpresa-berdea-programaren-aurkezpen-jardunaldia\/","name":"Enpresa Berdea Programaren Aurkezpen Jardunaldia - Izarra Centre","isPartOf":{"@id":"https:\/\/izarracentre.com\/#website"},"primaryImageOfPage":{"@id":"https:\/\/izarracentre.com\/eu\/enpresa-berdea-programaren-aurkezpen-jardunaldia\/#primaryimage"},"image":{"@id":"https:\/\/izarracentre.com\/eu\/enpresa-berdea-programaren-aurkezpen-jardunaldia\/#primaryimage"},"thumbnailUrl":"https:\/\/izarracentre.com\/wp-content\/uploads\/2024\/07\/1.png","datePublished":"2024-07-02T11:59:12+00:00","dateModified":"2024-10-11T07:10:53+00:00","description":"Enpresa Berdea Programa ezagutzera gonbidatzen zaitugu, Bizkaian industria-sarean eta lotutako zerbitzu-sarean trantsizio ekologikoa bultzatzeko diseinatutako ekimena.","breadcrumb":{"@id":"https:\/\/izarracentre.com\/eu\/enpresa-berdea-programaren-aurkezpen-jardunaldia\/#breadcrumb"},"inLanguage":"eu-ES","potentialAction":[{"@type":"ReadAction","target":["https:\/\/izarracentre.com\/eu\/enpresa-berdea-programaren-aurkezpen-jardunaldia\/"]}]},{"@type":"ImageObject","inLanguage":"eu-ES","@id":"https:\/\/izarracentre.com\/eu\/enpresa-berdea-programaren-aurkezpen-jardunaldia\/#primaryimage","url":"https:\/\/izarracentre.com\/wp-content\/uploads\/2024\/07\/1.png","contentUrl":"https:\/\/izarracentre.com\/wp-content\/uploads\/2024\/07\/1.png","width":1080,"height":1080},{"@type":"BreadcrumbList","@id":"https:\/\/izarracentre.com\/eu\/enpresa-berdea-programaren-aurkezpen-jardunaldia\/#breadcrumb","itemListElement":[{"@type":"ListItem","position":1,"name":"Portada","item":"https:\/\/izarracentre.com\/eu\/"},{"@type":"ListItem","position":2,"name":"Enpresa Berdea Programaren Aurkezpen Jardunaldia"}]},{"@type":"WebSite","@id":"https:\/\/izarracentre.com\/#website","url":"https:\/\/izarracentre.com\/","name":"Izarra Centre","description":"","publisher":{"@id":"https:\/\/izarracentre.com\/#organization"},"potentialAction":[{"@type":"SearchAction","target":{"@type":"EntryPoint","urlTemplate":"https:\/\/izarracentre.com\/?s={search_term_string}"},"query-input":{"@type":"PropertyValueSpecification","valueRequired":true,"valueName":"search_term_string"}}],"inLanguage":"eu-ES"},{"@type":"Organization","@id":"https:\/\/izarracentre.com\/#organization","name":"Fundaci\u00f3n Izarra","url":"https:\/\/izarracentre.com\/","logo":{"@type":"ImageObject","inLanguage":"eu-ES","@id":"https:\/\/izarracentre.com\/#\/schema\/logo\/image\/","url":"https:\/\/izarracentre.com\/wp-content\/uploads\/2021\/05\/logo.svg","contentUrl":"https:\/\/izarracentre.com\/wp-content\/uploads\/2021\/05\/logo.svg","width":198,"height":63,"caption":"Fundaci\u00f3n Izarra"},"image":{"@id":"https:\/\/izarracentre.com\/#\/schema\/logo\/image\/"},"sameAs":["https:\/\/x.com\/izarracentre","https:\/\/www.linkedin.com\/company\/izarra-centre\/"]},{"@type":"Person","@id":"https:\/\/izarracentre.com\/#\/schema\/person\/0170e14c45bd4bf5843fd00b16756717","name":"Izarra","image":{"@type":"ImageObject","inLanguage":"eu-ES","@id":"https:\/\/secure.gravatar.com\/avatar\/d3fabff0d25ea199918e4fba768ee7c0c14bd00f25d3026985e283c246926da9?s=96&d=mm&r=g","url":"https:\/\/secure.gravatar.com\/avatar\/d3fabff0d25ea199918e4fba768ee7c0c14bd00f25d3026985e283c246926da9?s=96&d=mm&r=g","contentUrl":"https:\/\/secure.gravatar.com\/avatar\/d3fabff0d25ea199918e4fba768ee7c0c14bd00f25d3026985e283c246926da9?s=96&d=mm&r=g","caption":"Izarra"}}]}},"_links":{"self":[{"href":"https:\/\/izarracentre.com\/eu\/wp-json\/wp\/v2\/posts\/13261","targetHints":{"allow":["GET"]}}],"collection":[{"href":"https:\/\/izarracentre.com\/eu\/wp-json\/wp\/v2\/posts"}],"about":[{"href":"https:\/\/izarracentre.com\/eu\/wp-json\/wp\/v2\/types\/post"}],"author":[{"embeddable":true,"href":"https:\/\/izarracentre.com\/eu\/wp-json\/wp\/v2\/users\/3"}],"replies":[{"embeddable":true,"href":"https:\/\/izarracentre.com\/eu\/wp-json\/wp\/v2\/comments?post=13261"}],"version-history":[{"count":5,"href":"https:\/\/izarracentre.com\/eu\/wp-json\/wp\/v2\/posts\/13261\/revisions"}],"predecessor-version":[{"id":13271,"href":"https:\/\/izarracentre.com\/eu\/wp-json\/wp\/v2\/posts\/13261\/revisions\/13271"}],"wp:featuredmedia":[{"embeddable":true,"href":"https:\/\/izarracentre.com\/eu\/wp-json\/wp\/v2\/media\/13252"}],"wp:attachment":[{"href":"https:\/\/izarracentre.com\/eu\/wp-json\/wp\/v2\/media?parent=13261"}],"wp:term":[{"taxonomy":"category","embeddable":true,"href":"https:\/\/izarracentre.com\/eu\/wp-json\/wp\/v2\/categories?post=13261"},{"taxonomy":"post_tag","embeddable":true,"href":"https:\/\/izarracentre.com\/eu\/wp-json\/wp\/v2\/tags?post=13261"}],"curies":[{"name":"wp","href":"https:\/\/api.w.org\/{rel}","templated":true}]}}